{"id":209,"date":"2024-02-01T12:32:56","date_gmt":"2024-02-01T10:32:56","guid":{"rendered":"https:\/\/portic.eu\/site\/?p=209"},"modified":"2024-02-01T12:33:57","modified_gmt":"2024-02-01T10:33:57","slug":"raport-activitate-2023","status":"publish","type":"post","link":"https:\/\/portic.eu\/site\/raport-activitate-2023\/","title":{"rendered":"Raport activitate 2023"},"content":{"rendered":"\n<p>Anul 2023 a fost marcat de mai multe evenimente publice organizate \u00een comunit\u0103\u0163ile \u00een care activ\u0103m.<\/p>\n\n\n\n<p><br>Proiectele educa\u021bionale &#8211; Gr\u0103dina de la p\u0103dure, Acustica \u2013 un flow magic, \u0219i edi\u021bia a doua a Passive House Bootcamp sunt deosebit de importante pentru noi \u00eentruc\u00e2t au impact de durat\u0103.<br>Proiecte comunitare &#8211; \u00een luna mai, ca parte a proiectului Timi\u0219oara Capital\u0103 European\u0103 a Culturii 2023, am co-organizat \u00een parteneriat cu Asocia\u021bia Cluster Pro-nZEB, Prim\u0103ria Municipiului Timi\u0219oara \u0219i Universitatea Politehnica Timi\u0219oara, cea de-a 5-a edi\u021bie a NZEB Roadshow unde participan\u021bii au putut vizita expozi\u021bia de materiale de constructii, au beneficiat de consultan\u021b\u0103 gratuit\u0103, vizite de \u0219antier, ateliere \u0219i conferin\u021be. Datorit\u0103 impactului avut \u0219i a necesit\u0103\u021bii acestui tip de eveniment complex, gratuit pentru participan\u021bi, sper\u0103m ca acesta s\u0103 fie un proiect pilot \u00een Timi\u0219oara.<br>Proiecte culturale \u2013 participarea \u00een luna octombrie la Elefsina, Grecia, \u00een cadrul evenimentului Mystery 56 \u2013 Culture 2030 al Capitalei Culturale Europene 2023.<\/p>\n\n\n\n<p><br>\u2764\ufe0f\u00ce\u021bi mul\u021bumim c\u0103 ai fost al\u0103turi de noi p\u00e2n\u0103 acum \u0219i te a\u0219tept\u0103m la proiectele noastre din 2024!<\/p>\n\n\n\n<p>Raportul poate fi descarcat<a href=\"http:\/\/portic.eu\/site\/wp-content\/uploads\/2024\/02\/Raport-de-activitate-2023.pdf\" target=\"_blank\" rel=\"noreferrer noopener\"> de aici<\/a>.<\/p>\n","protected":false},"excerpt":{"rendered":"<p>Anul 2023 a fost marcat de mai multe evenimente publice organizate \u00een comunit\u0103\u0163ile \u00een care activ\u0103m. Proiectele educa\u021bionale &#8211; Gr\u0103dina de la p\u0103dure, Acustica \u2013 un flow magic, \u0219i edi\u021bia a doua a Passive House Bootcamp sunt deosebit de importante pentru noi \u00eentruc\u00e2t au impact de durat\u0103.Proiecte comunitare &#8211; \u00een luna mai, ca parte a [&hellip;]<\/p>\n","protected":false},"author":1,"featured_media":0,"comment_status":"closed","ping_status":"open","sticky":false,"template":"","format":"standard","meta":{"footnotes":""},"categories":[11],"tags":[],"class_list":["post-209","post","type-post","status-publish","format-standard","hentry","category-anunturi"],"_links":{"self":[{"href":"https:\/\/portic.eu\/site\/wp-json\/wp\/v2\/posts\/209","targetHints":{"allow":["GET"]}}],"collection":[{"href":"https:\/\/portic.eu\/site\/wp-json\/wp\/v2\/posts"}],"about":[{"href":"https:\/\/portic.eu\/site\/wp-json\/wp\/v2\/types\/post"}],"author":[{"embeddable":true,"href":"https:\/\/portic.eu\/site\/wp-json\/wp\/v2\/users\/1"}],"replies":[{"embeddable":true,"href":"https:\/\/portic.eu\/site\/wp-json\/wp\/v2\/comments?post=209"}],"version-history":[{"count":2,"href":"https:\/\/portic.eu\/site\/wp-json\/wp\/v2\/posts\/209\/revisions"}],"predecessor-version":[{"id":212,"href":"https:\/\/portic.eu\/site\/wp-json\/wp\/v2\/posts\/209\/revisions\/212"}],"wp:attachment":[{"href":"https:\/\/portic.eu\/site\/wp-json\/wp\/v2\/media?parent=209"}],"wp:term":[{"taxonomy":"category","embeddable":true,"href":"https:\/\/portic.eu\/site\/wp-json\/wp\/v2\/categories?post=209"},{"taxonomy":"post_tag","embeddable":true,"href":"https:\/\/portic.eu\/site\/wp-json\/wp\/v2\/tags?post=209"}],"curies":[{"name":"wp","href":"https:\/\/api.w.org\/{rel}","templated":true}]}}